[{"@context":"https:\/\/schema.org\/","@type":"Article","@id":"https:\/\/www.szesgsm.cz\/obecny-pojem-mnoho-vyznamu\/#Article","mainEntityOfPage":"https:\/\/www.szesgsm.cz\/obecny-pojem-mnoho-vyznamu\/","headline":"Obecn\u00fd pojem, mnoho v\u00fdznam\u016f","name":"Obecn\u00fd pojem, mnoho v\u00fdznam\u016f","description":"Pod obecn\u00fdm pojmem stojany na let\u00e1ky se ukr\u00fdv\u00e1 pestr\u00e1 paleta v\u00fdrobk\u016f z nejr\u016fzn\u011bj\u0161\u00edho materi\u00e1lu a v nejr\u016fzn\u011bj\u0161\u00edm proveden\u00ed, ur\u010den\u00e1 pro &hellip;","datePublished":"2025-01-29","dateModified":"2025-01-29","author":{"@type":"Person","@id":"https:\/\/www.szesgsm.cz\/author\/#Person","name":"","url":"https:\/\/www.szesgsm.cz\/author\/","identifier":1,"image":{"@type":"ImageObject","@id":"https:\/\/secure.gravatar.com\/avatar\/7c144e1de0ecc43e7a8353c804f0c7ea63c9554336576e7048c4bdeaa59bbbbb?s=96&d=mm&r=g","url":"https:\/\/secure.gravatar.com\/avatar\/7c144e1de0ecc43e7a8353c804f0c7ea63c9554336576e7048c4bdeaa59bbbbb?s=96&d=mm&r=g","height":96,"width":96}},"publisher":{"@type":"Organization","name":"szesgsm.cz","logo":{"@type":"ImageObject","@id":"\/logo.png","url":"\/logo.png","width":600,"height":60}},"url":"https:\/\/www.szesgsm.cz\/obecny-pojem-mnoho-vyznamu\/","wordCount":214,"articleBody":"Pod obecn\u00fdm pojmem stojany na let\u00e1ky se ukr\u00fdv\u00e1 pestr\u00e1 paleta v\u00fdrobk\u016f z nejr\u016fzn\u011bj\u0161\u00edho materi\u00e1lu a v nejr\u016fzn\u011bj\u0161\u00edm proveden\u00ed, ur\u010den\u00e1 pro p\u0159ehledn\u00e9 ukl\u00e1d\u00e1n\u00ed nep\u0159ebern\u00e9ho mno\u017estv\u00ed p\u0159ev\u00e1\u017en\u011b tiskovin a grafick\u00fdch materi\u00e1l\u016f. A\u0165 u\u017e jde o tiskoviny ur\u010den\u00e9 na prodej, nebo jen k voln\u00e9mu odebr\u00e1n\u00ed z\u00e1kazn\u00edky, nebo jenom jako informa\u010dn\u00ed prvek ve va\u0161\u00ed provozovn\u011b, restauraci apod.Kam s nimi?Velikost, proveden\u00ed a dal\u0161\u00ed charakteristiky ur\u010duj\u00ed i zp\u016fsob pou\u017eit\u00ed takov\u00fdch stojan\u016f. Mohou b\u00fdt zhotoveny jako mal\u00e9 stoj\u00e1nky na stoly, mohou se zav\u011b\u0161ovat na st\u011bny, stav\u011bt na podlahu, mohou b\u00fdt pevn\u00e9, nebo rozkl\u00e1dac\u00ed, stacion\u00e1rn\u00ed, nebo poj\u00edzdn\u00e9. Z materi\u00e1l\u016f se pou\u017e\u00edv\u00e1 nej\u010dast\u011bji ocelov\u00fdch dr\u00e1t\u016f, d\u00e1le laminovan\u00e9 d\u0159evot\u0159\u00edsky a, samoz\u0159ejm\u011b, nejr\u016fzn\u011bj\u0161\u00ed druhy plast\u016f, a\u0165 u\u017e nepr\u016fhledn\u00fdch, v r\u016fzn\u00fdch barevn\u00fdch proveden\u00edch, anebo pr\u016fhledn\u00fdch. Proveden\u00ed je v\u017edy perfektn\u011b p\u0159izp\u016fsobeno dan\u00e9mu \u00fa\u010delu. To umo\u017e\u0148uje optim\u00e1ln\u00ed vyu\u017eit\u00ed prostoru a z\u00e1rove\u0148, d\u00edky lep\u0161\u00ed p\u0159ehlednosti a pohodln\u00e9mu pou\u017eit\u00ed i \u0161et\u0159\u00ed v\u00e1\u0161 \u010das.                                                                                                                                                                                                                                                                                                                                                                                        1\/5 - (1 vote)        "},{"@context":"https:\/\/schema.org\/","@type":"BreadcrumbList","itemListElement":[{"@type":"ListItem","position":1,"name":"Obecn\u00fd pojem, mnoho v\u00fdznam\u016f","item":"https:\/\/www.szesgsm.cz\/obecny-pojem-mnoho-vyznamu\/#breadcrumbitem"}]}]