[{"@context":"https:\/\/schema.org\/","@type":"Article","@id":"https:\/\/www.szesgsm.cz\/staly-se-nezbytnym-spotrebicem\/#Article","mainEntityOfPage":"https:\/\/www.szesgsm.cz\/staly-se-nezbytnym-spotrebicem\/","headline":"Staly se nezbytn\u00fdm spot\u0159ebi\u010dem","name":"Staly se nezbytn\u00fdm spot\u0159ebi\u010dem","description":"Bez \u010deho nem\u016f\u017ee fungovat modern\u00ed dom\u00e1cnost? No p\u0159eci bez digesto\u0159e. Zvykli jsme si toti\u017e na to, \u017ee kuchyn\u011b je otev\u0159en\u00fdm &hellip;","datePublished":"2024-11-19","dateModified":"2024-11-19","author":{"@type":"Person","@id":"https:\/\/www.szesgsm.cz\/author\/#Person","name":"","url":"https:\/\/www.szesgsm.cz\/author\/","identifier":1,"image":{"@type":"ImageObject","@id":"https:\/\/secure.gravatar.com\/avatar\/7c144e1de0ecc43e7a8353c804f0c7ea63c9554336576e7048c4bdeaa59bbbbb?s=96&d=mm&r=g","url":"https:\/\/secure.gravatar.com\/avatar\/7c144e1de0ecc43e7a8353c804f0c7ea63c9554336576e7048c4bdeaa59bbbbb?s=96&d=mm&r=g","height":96,"width":96}},"publisher":{"@type":"Organization","name":"szesgsm.cz","logo":{"@type":"ImageObject","@id":"\/logo.png","url":"\/logo.png","width":600,"height":60}},"url":"https:\/\/www.szesgsm.cz\/staly-se-nezbytnym-spotrebicem\/","wordCount":228,"articleBody":"\tBez \u010deho nem\u016f\u017ee fungovat modern\u00ed dom\u00e1cnost? No p\u0159eci bez digesto\u0159e. Zvykli jsme si toti\u017e na to, \u017ee kuchyn\u011b je otev\u0159en\u00fdm prostorem a velmi \u010dasto se z\u00a0n\u00ed stal jen kout v\u00a0jedn\u00e9 z\u00a0m\u00edstnost\u00ed. Chyb\u00ed tak okno a mo\u017enost vyv\u011btrat, kdy\u017e p\u0159ipravujete ned\u011bln\u00ed ob\u011bd. Okno v\u00e1m za\u0159\u00eddit nem\u016f\u017eeme, ale m\u016f\u017eeme v\u00e1m pomoci v\u00a0tom, aby byla va\u0161e obytn\u00e1 z\u00f3na st\u00e1le sv\u011b\u017e\u00ed a vo\u0148av\u00e1, bez nejr\u016fzn\u011bj\u0161\u00edch z\u00e1pach\u016f od ka\u017edodenn\u00edho va\u0159en\u00ed. M\u016f\u017eete si vybrat z\u00a0r\u016fzn\u00fdch proveden\u00ed model, kter\u00fd bude nejl\u00e9pe ladit s\u00a0vybaven\u00edm va\u0161\u00ed kuchyn\u011b.\tPraktick\u00e1 dominantaSt\u00e1le jste p\u0159em\u00fd\u0161leli jakou digesto\u0159 vybrat do va\u0161\u00ed nov\u00e9 kuchyn\u011b. Nejprve jste zva\u017eovali nen\u00e1padnou vestavnou variantu, ale nakonec jste se rozhodli, ji p\u0159iznat v\u00a0cel\u00e9 sv\u00e9 kr\u00e1se. A zvolili jste kom\u00ednovou. A ud\u011blali jste rozhodn\u011b dob\u0159e. Va\u0161e kuchyn\u011b najednou z\u00edskala prvek, kter\u00fd je nejen funk\u010dn\u00ed, ale zaujme ka\u017ed\u00e9ho na prvn\u00ed pohled sv\u00fdm modern\u00edm vzhledem. A jakou jste si vybrali vy? V\u00a0nab\u00eddce je cel\u00e1 \u0159ada model\u016f, v\u010detn\u011b t\u011bch, kter\u00e9 m\u016f\u017eete um\u00edstit do rohu m\u00edstnosti! Sta\u010d\u00ed se jen bl\u00ed\u017ee sezn\u00e1mit s\u00a0nab\u00eddkou.                                                                                                                                                                                                                                                                                                                                                                                        3.5\/5 - (2 votes)        "},{"@context":"https:\/\/schema.org\/","@type":"BreadcrumbList","itemListElement":[{"@type":"ListItem","position":1,"name":"Staly se nezbytn\u00fdm spot\u0159ebi\u010dem","item":"https:\/\/www.szesgsm.cz\/staly-se-nezbytnym-spotrebicem\/#breadcrumbitem"}]}]