[{"@context":"https:\/\/schema.org\/","@type":"Article","@id":"https:\/\/www.szesgsm.cz\/svetla-a-stiny-domova\/#Article","mainEntityOfPage":"https:\/\/www.szesgsm.cz\/svetla-a-stiny-domova\/","headline":"Sv\u011btla a st\u00edny domova","name":"Sv\u011btla a st\u00edny domova","description":"Jestli\u017ee pat\u0159\u00edte k nadan\u00fdm kutil\u016fm jist\u011b jste u\u017e n\u011bkolikr\u00e1t p\u0159em\u00fd\u0161leli, jak\u00fdm zp\u016fsobem z\u00fatulnit atmosf\u00e9ru va\u0161eho domova, aby odpov\u00eddala va\u0161im nitern\u00fdm &hellip;","datePublished":"2018-09-04","dateModified":"2023-05-25","author":{"@type":"Person","@id":"https:\/\/www.szesgsm.cz\/author\/#Person","name":"","url":"https:\/\/www.szesgsm.cz\/author\/","identifier":1,"image":{"@type":"ImageObject","@id":"https:\/\/secure.gravatar.com\/avatar\/7c144e1de0ecc43e7a8353c804f0c7ea63c9554336576e7048c4bdeaa59bbbbb?s=96&d=mm&r=g","url":"https:\/\/secure.gravatar.com\/avatar\/7c144e1de0ecc43e7a8353c804f0c7ea63c9554336576e7048c4bdeaa59bbbbb?s=96&d=mm&r=g","height":96,"width":96}},"publisher":{"@type":"Organization","name":"szesgsm.cz","logo":{"@type":"ImageObject","@id":"\/logo.png","url":"\/logo.png","width":600,"height":60}},"image":{"@type":"ImageObject","@id":"https:\/\/www.szesgsm.cz\/wp-content\/uploads\/img_a324269_w2182_t1536064517.jpg","url":"https:\/\/www.szesgsm.cz\/wp-content\/uploads\/img_a324269_w2182_t1536064517.jpg","height":0,"width":0},"url":"https:\/\/www.szesgsm.cz\/svetla-a-stiny-domova\/","wordCount":557,"articleBody":"Jestli\u017ee pat\u0159\u00edte k nadan\u00fdm kutil\u016fm jist\u011b jste u\u017e n\u011bkolikr\u00e1t p\u0159em\u00fd\u0161leli, jak\u00fdm zp\u016fsobem z\u00fatulnit atmosf\u00e9ru va\u0161eho domova, aby odpov\u00eddala va\u0161im nitern\u00fdm p\u0159edstav\u00e1m. U\u017e od d\u00e1vn\u00fdch dob se ka\u017ed\u00fd jednotlivec sna\u017eil zvelebovat prost\u0159ed\u00ed, ve kter\u00e9m tr\u00e1v\u00ed nejv\u00edce \u010dasu. Na tom nen\u00ed nic divn\u00e9ho. Mo\u017enost\u00ed a prost\u0159edk\u016f existuje nespo\u010detn\u00e9 mno\u017estv\u00ed. M\u016f\u017eete si zakoupit nejr\u016fzn\u011bj\u0161\u00ed dopl\u0148ky nebo si dekorace vyr\u00e1b\u011bt na vlastn\u00ed p\u011bst. V\u0161e se ov\u0161em bude nejv\u011bt\u0161\u00ed m\u011brou odv\u00edjet od va\u0161\u00ed vlastn\u00ed fantazie. V\u00fdzdoba a zkr\u00e1\u0161len\u00ed interi\u00e9ru nemus\u00ed b\u00fdt nic n\u00e1kladn\u00e9ho, sta\u010d\u00ed detaily a atmosf\u00e9ra pokoje se zcela zm\u011bn\u00ed.  Pro ka\u017ed\u00fd n\u00e1rod se v\u017eil ur\u010dit\u00fd obecn\u011b platn\u00fd vzorec, jak by m\u011bl vypadat ide\u00e1ln\u00ed domov. Seversk\u00e9 n\u00e1rody preferuj\u00ed stroh\u00e9 a st\u0159\u00eddm\u011b za\u0159\u00edzen\u00e9 interi\u00e9ry, pe\u010dliv\u011b uspo\u0159\u00e1dan\u00e9, \u017e\u00e1dnou velkou zdobnost ne\u010dekejte, sp\u00ed\u0161e chladnou eleganci. Ji\u017ean\u00e9 naopak preferuj\u00ed barevnost, otev\u0159enost a prov\u00e1zanost dom\u016f a zahrady. St\u0159edoevropan\u00e9 po mnoh\u00e1 stalet\u00ed \u010derpali z ohromuj\u00edc\u00edho mno\u017estv\u00ed ciz\u00edch vliv\u016f a to nejen v oblasti bydlen\u00ed.Sp\u00e1sa ze Severu Pom\u011brn\u011b obl\u00edben\u00fd obchodn\u00ed \u0159et\u011bzec IKEA si postupn\u011b z\u00edskal tis\u00edce tuzemsk\u00fdch z\u00e1kazn\u00edk\u016f. Zat\u00edm m\u00e1 v \u010cesk\u00e9 republice pouze \u010dty\u0159i obchodn\u00ed domy (dva v Praze, jeden v Brn\u011b a jeden v Ostrav\u011b), kter\u00e9 jsou hojn\u011b nav\u0161t\u011bvov\u00e1ny. \u0160v\u00e9dsk\u00fd vkus \u010cech\u016fm vyhovuje, nen\u00e1siln\u00fd design, jednoduch\u00e9 zkonstruov\u00e1n\u00ed n\u00e1bytku, kter\u00e9 zvl\u00e1dne opravdu ka\u017ed\u00fd, p\u0159\u00edzniv\u00e1 cena a \u0161irok\u00fd v\u00fdb\u011br kvalitn\u00edho zbo\u017e\u00ed to a v\u00edce IKEA p\u0159edstavuje. A\u010dkoli se posledn\u00ed dobou roz\u0161\u00ed\u0159ily zv\u011bsti, \u017ee \u0160v\u00e9dsko a t\u00edm p\u00e1dem i jeho artikly p\u016fsob\u00ed chladn\u011b a odta\u017eit\u011b, rozhodn\u011b to nen\u00ed pravdou, sp\u00ed\u0161e naopak. Osv\u011btlen\u00ed Dlouho jsme zanedb\u00e1vali osv\u011btlen\u00ed prostoru. Dnes ji\u017e si lze vybrat z ohromuj\u00edc\u00ed \u0161k\u00e1ly lamp, lustr\u016f a LED sv\u011btel a v\u0161e dokonale zkombinovat. Discipl\u00edn\u011b light-designu se pomalu dost\u00e1v\u00e1 ocen\u011bn\u00ed. Podle mnoh\u00fdch se atmosf\u00e9ra ka\u017ed\u00e9ho pokoje odv\u00edj\u00ed p\u0159edev\u0161\u00edm od jeho osv\u011btlen\u00ed. N\u011bkomu vyhovuje p\u0159\u00edrodn\u00ed sv\u011btlo, velk\u00e1 prosv\u011btlenost, jin\u00ed si vysta\u010d\u00ed s aran\u017eov\u00e1n\u00edm lamp. V\u011bt\u0161ina z n\u00e1s vyhled\u00e1v\u00e1 tepl\u00e9 sv\u011btlo, kter\u00e9 vytv\u00e1\u0159\u00ed, podobn\u011b jako sv\u00ed\u010dky nebo oh\u00fdnek, pocit bezpe\u010d\u00ed a \u00fatulnosti. Trend se stal z LED p\u00e1sek, kter\u00e9 u\u017e neslou\u017e\u00ed jako pouh\u00fd dekorativn\u00ed prvek, ale jako plnohodnotn\u00e9 a z\u00e1rove\u0148 estetick\u00e9 osv\u011btlen\u00ed. V\u017edy je l\u00e9pe m\u00edt v pokoji v\u00edce sv\u011bteln\u00fdch zdroj\u016f, kter\u00e9 m\u016f\u017eeme p\u0159en\u00e1\u0161et a nakl\u00e1n\u011bt.  To, co je v jedn\u00e9 m\u00edstnosti \u017e\u00e1douc\u00ed, nemus\u00ed b\u00fdt opt\u00edm\u00e1ln\u00ed pro m\u00edstnost jinou. Nap\u0159\u00edklad v kuchyni pot\u0159ebujeme dob\u0159e osv\u011btlit pracovn\u00ed plochu a na atmosf\u00e9ru tolik nehled\u00edme. Nezanedb\u00e1vejte nikdy osv\u011btlen\u00ed, proto\u017ee se zna\u010dn\u011b pod\u00edl\u00ed na vyzn\u011bn\u00ed cel\u00e9ho pokoje a koneckonc\u016f i na tom, jak se vy sami budete c\u00edtit.                                                                                                                                                                                                                                                                                                                                                                                        3.9\/5 - (8 votes)        "},{"@context":"https:\/\/schema.org\/","@type":"BreadcrumbList","itemListElement":[{"@type":"ListItem","position":1,"name":"Sv\u011btla a st\u00edny domova","item":"https:\/\/www.szesgsm.cz\/svetla-a-stiny-domova\/#breadcrumbitem"}]}]